{"id":862,"date":"2014-07-29T20:06:42","date_gmt":"2014-07-29T18:06:42","guid":{"rendered":"https:\/\/feuxdepaille.fr\/?p=862"},"modified":"2014-07-29T20:06:42","modified_gmt":"2014-07-29T18:06:42","slug":"de-la-suite-dans-les-idees","status":"publish","type":"post","link":"https:\/\/feuxdepaille.fr\/?p=862","title":{"rendered":"de la suite dans les id\u00e9es&#8230;"},"content":{"rendered":"<p>Au risque de vous lasser, je poursuis mes recherches autour de la colorisation de la p\u00e2te et des bulles enchev\u00eatr\u00e9es. Et voici ce qui en est sorti ce dernier mois:<\/p>\n<figure id=\"attachment_868\" aria-describedby=\"caption-attachment-868\" style=\"width: 749px\" class=\"wp-caption alignleft\"><a href=\"https:\/\/feuxdepaille.fr\/?attachment_id=868\" rel=\"attachment wp-att-868\"><img loading=\"lazy\" decoding=\"async\" class=\"size-full wp-image-868\" src=\"https:\/\/feuxdepaille.fr\/wp-content\/uploads\/2014\/07\/P1030086.jpg\" alt=\"il me manquait un gros bracelet, et ses boucles toutes rondes\" width=\"749\" height=\"527\" srcset=\"https:\/\/feuxdepaille.fr\/wp-content\/uploads\/2014\/07\/P1030086.jpg 749w, https:\/\/feuxdepaille.fr\/wp-content\/uploads\/2014\/07\/P1030086-300x211.jpg 300w, https:\/\/feuxdepaille.fr\/wp-content\/uploads\/2014\/07\/P1030086-600x422.jpg 600w\" sizes=\"auto, (max-width: 749px) 100vw, 749px\" \/><\/a><figcaption id=\"caption-attachment-868\" class=\"wp-caption-text\">il me manquait un gros bracelet, et ses boucles toutes rondes<\/figcaption><\/figure>\n<p>et avec les restes:<\/p>\n<figure id=\"attachment_873\" aria-describedby=\"caption-attachment-873\" style=\"width: 619px\" class=\"wp-caption alignleft\"><a href=\"https:\/\/feuxdepaille.fr\/?attachment_id=873\" rel=\"attachment wp-att-873\"><img loading=\"lazy\" decoding=\"async\" class=\"size-full wp-image-873\" src=\"https:\/\/feuxdepaille.fr\/wp-content\/uploads\/2014\/07\/P1030094.jpg\" alt=\"une paire de boucles dont le flou et la luminosit\u00e9 me plait beaucoup!\" width=\"619\" height=\"442\" srcset=\"https:\/\/feuxdepaille.fr\/wp-content\/uploads\/2014\/07\/P1030094.jpg 619w, https:\/\/feuxdepaille.fr\/wp-content\/uploads\/2014\/07\/P1030094-300x214.jpg 300w, https:\/\/feuxdepaille.fr\/wp-content\/uploads\/2014\/07\/P1030094-600x428.jpg 600w\" sizes=\"auto, (max-width: 619px) 100vw, 619px\" \/><\/a><figcaption id=\"caption-attachment-873\" class=\"wp-caption-text\">une paire de boucles dont le flou et la luminosit\u00e9 me plait beaucoup!<\/figcaption><\/figure>\n<p>&nbsp;<\/p>\n<p>J&rsquo;ai eu un petit cadeau \u00e0 faire derni\u00e8rement, des bulles tr\u00e8s color\u00e9es pour une dame tr\u00e8s dynamique :<\/p>\n<figure id=\"attachment_865\" aria-describedby=\"caption-attachment-865\" style=\"width: 273px\" class=\"wp-caption alignleft\"><a href=\"https:\/\/feuxdepaille.fr\/?attachment_id=865\" rel=\"attachment wp-att-865\"><img loading=\"lazy\" decoding=\"async\" class=\"size-medium wp-image-865\" src=\"https:\/\/feuxdepaille.fr\/wp-content\/uploads\/2014\/07\/P1030017-273x300.jpg\" alt=\"un pot \u00e0 crayon!!\" width=\"273\" height=\"300\" srcset=\"https:\/\/feuxdepaille.fr\/wp-content\/uploads\/2014\/07\/P1030017-273x300.jpg 273w, https:\/\/feuxdepaille.fr\/wp-content\/uploads\/2014\/07\/P1030017.jpg 600w\" sizes=\"auto, (max-width: 273px) 100vw, 273px\" \/><\/a><figcaption id=\"caption-attachment-865\" class=\"wp-caption-text\">un pot \u00e0 crayon!!<\/figcaption><\/figure>\n<p>&nbsp;<\/p>\n<p>&nbsp;<\/p>\n<p>&nbsp;<\/p>\n<p>&nbsp;<\/p>\n<p>&nbsp;<\/p>\n<p>&nbsp;<\/p>\n<p>&nbsp;<\/p>\n<p>&nbsp;<\/p>\n<p>&nbsp;<\/p>\n<p>et comme j&rsquo;avais fait une tr\u00e8s grande plaque, j&rsquo;ai fait aussi ceci:<\/p>\n<figure id=\"attachment_867\" aria-describedby=\"caption-attachment-867\" style=\"width: 640px\" class=\"wp-caption alignleft\"><a href=\"https:\/\/feuxdepaille.fr\/?attachment_id=867\" rel=\"attachment wp-att-867\"><img loading=\"lazy\" decoding=\"async\" class=\"size-full wp-image-867\" src=\"https:\/\/feuxdepaille.fr\/wp-content\/uploads\/2014\/07\/P1030085.jpg\" alt=\"des bulles, un peu de texture, de la patine, du pon\u00e7age et du polissage\" width=\"640\" height=\"535\" srcset=\"https:\/\/feuxdepaille.fr\/wp-content\/uploads\/2014\/07\/P1030085.jpg 640w, https:\/\/feuxdepaille.fr\/wp-content\/uploads\/2014\/07\/P1030085-300x250.jpg 300w, https:\/\/feuxdepaille.fr\/wp-content\/uploads\/2014\/07\/P1030085-600x501.jpg 600w\" sizes=\"auto, (max-width: 640px) 100vw, 640px\" \/><\/a><figcaption id=\"caption-attachment-867\" class=\"wp-caption-text\">des bulles, un peu de texture, de la patine, du pon\u00e7age et du polissage<\/figcaption><\/figure>\n<p>Et comme il restait quelques billes sur mon plan de travail:<\/p>\n<p><a href=\"https:\/\/feuxdepaille.fr\/?attachment_id=861\" rel=\"attachment wp-att-861\"><img loading=\"lazy\" decoding=\"async\" class=\"alignleft size-full wp-image-861\" src=\"https:\/\/feuxdepaille.fr\/wp-content\/uploads\/2014\/07\/P1030082.jpg\" alt=\"P1030082\" width=\"494\" height=\"343\" srcset=\"https:\/\/feuxdepaille.fr\/wp-content\/uploads\/2014\/07\/P1030082.jpg 494w, https:\/\/feuxdepaille.fr\/wp-content\/uploads\/2014\/07\/P1030082-300x208.jpg 300w\" sizes=\"auto, (max-width: 494px) 100vw, 494px\" \/><\/a><\/p>\n<p>&nbsp;<\/p>\n<p>&nbsp;<\/p>\n<p>&nbsp;<\/p>\n<p>&nbsp;<\/p>\n<p>&nbsp;<\/p>\n<p>&nbsp;<\/p>\n<p>&nbsp;<\/p>\n<p>&nbsp;<\/p>\n<p>&nbsp;<\/p>\n<p>&nbsp;<\/p>\n<p>Il y a quelque temps, j&rsquo;ai fait une paire de couverts \u00e0 salade. J&rsquo;aime bien cette id\u00e9e car elle permet d&rsquo;exploiter des cannes kal\u00e9idoscopiques. J&rsquo;adore les faire, mais je s\u00e8che souvent pour les utiliser. Alors voil\u00e0:<\/p>\n<figure id=\"attachment_875\" aria-describedby=\"caption-attachment-875\" style=\"width: 600px\" class=\"wp-caption alignleft\"><a href=\"https:\/\/feuxdepaille.fr\/?attachment_id=875\" rel=\"attachment wp-att-875\"><img loading=\"lazy\" decoding=\"async\" class=\"size-full wp-image-875\" src=\"https:\/\/feuxdepaille.fr\/wp-content\/uploads\/2014\/07\/P10300571.jpg\" alt=\"la canne de base\" width=\"600\" height=\"450\" srcset=\"https:\/\/feuxdepaille.fr\/wp-content\/uploads\/2014\/07\/P10300571.jpg 600w, https:\/\/feuxdepaille.fr\/wp-content\/uploads\/2014\/07\/P10300571-300x225.jpg 300w\" sizes=\"auto, (max-width: 600px) 100vw, 600px\" \/><\/a><figcaption id=\"caption-attachment-875\" class=\"wp-caption-text\">la canne de base<\/figcaption><\/figure>\n<p>&nbsp;<\/p>\n<p>&nbsp;<\/p>\n<figure id=\"attachment_856\" aria-describedby=\"caption-attachment-856\" style=\"width: 600px\" class=\"wp-caption alignleft\"><a href=\"https:\/\/feuxdepaille.fr\/?attachment_id=856\" rel=\"attachment wp-att-856\"><img loading=\"lazy\" decoding=\"async\" class=\"wp-image-856 size-full\" src=\"https:\/\/feuxdepaille.fr\/wp-content\/uploads\/2014\/07\/P1030078.jpg\" alt=\"P1030078\" width=\"600\" height=\"450\" srcset=\"https:\/\/feuxdepaille.fr\/wp-content\/uploads\/2014\/07\/P1030078.jpg 600w, https:\/\/feuxdepaille.fr\/wp-content\/uploads\/2014\/07\/P1030078-300x225.jpg 300w\" sizes=\"auto, (max-width: 600px) 100vw, 600px\" \/><\/a><figcaption id=\"caption-attachment-856\" class=\"wp-caption-text\">les couverts<\/figcaption><\/figure>\n<p>&nbsp;<\/p>\n<p>&nbsp;<\/p>\n<p>&nbsp;<\/p>\n<p>&nbsp;<\/p>\n<figure id=\"attachment_872\" aria-describedby=\"caption-attachment-872\" style=\"width: 630px\" class=\"wp-caption alignleft\"><a href=\"https:\/\/feuxdepaille.fr\/?attachment_id=872\" rel=\"attachment wp-att-872\"><img loading=\"lazy\" decoding=\"async\" class=\"size-full wp-image-872\" src=\"https:\/\/feuxdepaille.fr\/wp-content\/uploads\/2014\/07\/P1030093.jpg\" alt=\"le vide poche assorti!!!\" width=\"630\" height=\"472\" srcset=\"https:\/\/feuxdepaille.fr\/wp-content\/uploads\/2014\/07\/P1030093.jpg 630w, https:\/\/feuxdepaille.fr\/wp-content\/uploads\/2014\/07\/P1030093-300x224.jpg 300w, https:\/\/feuxdepaille.fr\/wp-content\/uploads\/2014\/07\/P1030093-600x449.jpg 600w\" sizes=\"auto, (max-width: 630px) 100vw, 630px\" \/><\/a><figcaption id=\"caption-attachment-872\" class=\"wp-caption-text\">le vide poche assorti!!!<\/figcaption><\/figure>\n<p>&nbsp;<\/p>\n<p>&nbsp;<\/p>\n<p>&nbsp;<\/p>\n<p>&nbsp;<\/p>\n<p>Attention, on continue:<\/p>\n<p><a href=\"https:\/\/feuxdepaille.fr\/?attachment_id=854\" rel=\"attachment wp-att-854\"><img loading=\"lazy\" decoding=\"async\" class=\"alignleft size-full wp-image-854\" src=\"https:\/\/feuxdepaille.fr\/wp-content\/uploads\/2014\/07\/P1030076.jpg\" alt=\"P1030076\" width=\"600\" height=\"450\" srcset=\"https:\/\/feuxdepaille.fr\/wp-content\/uploads\/2014\/07\/P1030076.jpg 600w, https:\/\/feuxdepaille.fr\/wp-content\/uploads\/2014\/07\/P1030076-300x225.jpg 300w\" sizes=\"auto, (max-width: 600px) 100vw, 600px\" \/><\/a><\/p>\n<p>une vue de plus pr\u00e8s:<\/p>\n<p><a href=\"https:\/\/feuxdepaille.fr\/?attachment_id=855\" rel=\"attachment wp-att-855\"><img loading=\"lazy\" decoding=\"async\" class=\"alignleft size-full wp-image-855\" src=\"https:\/\/feuxdepaille.fr\/wp-content\/uploads\/2014\/07\/P1030077.jpg\" alt=\"P1030077\" width=\"600\" height=\"450\" srcset=\"https:\/\/feuxdepaille.fr\/wp-content\/uploads\/2014\/07\/P1030077.jpg 600w, https:\/\/feuxdepaille.fr\/wp-content\/uploads\/2014\/07\/P1030077-300x225.jpg 300w\" sizes=\"auto, (max-width: 600px) 100vw, 600px\" \/><\/a><\/p>\n<p>&nbsp;<\/p>\n<p>&nbsp;<\/p>\n<p>&nbsp;<\/p>\n<p>Quand on \u00e9tire une canne, les bouts se d\u00e9forment. Je les garde toujours pour faire des plaques ray\u00e9es. Ici je me suis essay\u00e9e \u00e0 la technique du craquel\u00e9. C&rsquo;est du boulot, mais j&rsquo;aime bien le rendu, associ\u00e9 aux tranches de cannes restant sur ma table:<\/p>\n<figure id=\"attachment_864\" aria-describedby=\"caption-attachment-864\" style=\"width: 523px\" class=\"wp-caption alignleft\"><a href=\"https:\/\/feuxdepaille.fr\/?attachment_id=864\" rel=\"attachment wp-att-864\"><img loading=\"lazy\" decoding=\"async\" class=\"size-full wp-image-864\" src=\"https:\/\/feuxdepaille.fr\/wp-content\/uploads\/2014\/07\/P1030083.jpg\" alt=\"des bijoux assortis aux couverts \u00e0 salade.... arf!!\" width=\"523\" height=\"494\" srcset=\"https:\/\/feuxdepaille.fr\/wp-content\/uploads\/2014\/07\/P1030083.jpg 523w, https:\/\/feuxdepaille.fr\/wp-content\/uploads\/2014\/07\/P1030083-300x283.jpg 300w\" sizes=\"auto, (max-width: 523px) 100vw, 523px\" \/><\/a><figcaption id=\"caption-attachment-864\" class=\"wp-caption-text\">des bijoux assortis aux couverts \u00e0 salade&#8230;. arf!!<\/figcaption><\/figure>\n<p>&nbsp;<\/p>\n<p>&nbsp;<\/p>\n<p>&nbsp;<\/p>\n<p>&nbsp;<\/p>\n<p>&nbsp;<\/p>\n<p>&nbsp;<\/p>\n<p>&nbsp;<\/p>\n<p>&nbsp;<\/p>\n<figure id=\"attachment_866\" aria-describedby=\"caption-attachment-866\" style=\"width: 605px\" class=\"wp-caption alignleft\"><a href=\"https:\/\/feuxdepaille.fr\/?attachment_id=866\" rel=\"attachment wp-att-866\"><img loading=\"lazy\" decoding=\"async\" class=\"size-full wp-image-866\" src=\"https:\/\/feuxdepaille.fr\/wp-content\/uploads\/2014\/07\/P1030084.jpg\" alt=\"de plus pr\u00e8s\" width=\"605\" height=\"584\" srcset=\"https:\/\/feuxdepaille.fr\/wp-content\/uploads\/2014\/07\/P1030084.jpg 605w, https:\/\/feuxdepaille.fr\/wp-content\/uploads\/2014\/07\/P1030084-300x289.jpg 300w, https:\/\/feuxdepaille.fr\/wp-content\/uploads\/2014\/07\/P1030084-600x579.jpg 600w\" sizes=\"auto, (max-width: 605px) 100vw, 605px\" \/><\/a><figcaption id=\"caption-attachment-866\" class=\"wp-caption-text\">de plus pr\u00e8s<\/figcaption><\/figure>\n<p>&nbsp;<\/p>\n<p>&nbsp;<\/p>\n<p>&nbsp;<\/p>\n<p>&nbsp;<\/p>\n<p>&nbsp;<\/p>\n<p>Vous \u00eates toujours l\u00e0??? parce que j&rsquo;ai pas fini!!!<\/p>\n<p>Il me restait encore quelques couleurs de ce kal\u00e9idoscope: blanc , orang\u00e9, et violet\/parme, alors hop, un petit mokum\u00e9 gan\u00e9:<\/p>\n<figure id=\"attachment_858\" aria-describedby=\"caption-attachment-858\" style=\"width: 800px\" class=\"wp-caption alignleft\"><a href=\"https:\/\/feuxdepaille.fr\/?attachment_id=858\" rel=\"attachment wp-att-858\"><img loading=\"lazy\" decoding=\"async\" class=\"size-full wp-image-858\" src=\"https:\/\/feuxdepaille.fr\/wp-content\/uploads\/2014\/07\/P1030080.jpg\" alt=\"je suis dr\u00f4lement fi\u00e8re de mes finitions!!\" width=\"800\" height=\"600\" srcset=\"https:\/\/feuxdepaille.fr\/wp-content\/uploads\/2014\/07\/P1030080.jpg 800w, https:\/\/feuxdepaille.fr\/wp-content\/uploads\/2014\/07\/P1030080-300x225.jpg 300w, https:\/\/feuxdepaille.fr\/wp-content\/uploads\/2014\/07\/P1030080-600x450.jpg 600w\" sizes=\"auto, (max-width: 800px) 100vw, 800px\" \/><\/a><figcaption id=\"caption-attachment-858\" class=\"wp-caption-text\">je suis dr\u00f4lement fi\u00e8re de mes finitions!!<\/figcaption><\/figure>\n<p>&nbsp;<\/p>\n<p>&nbsp;<\/p>\n<p>et un petit dernier, pour la route, une paire de couverts \u00e0 salade, juste un d\u00e9grad\u00e9 de p\u00e2te teint\u00e9e aux pastels secs et des tranches de cannes de ce d\u00e9grad\u00e9 :<\/p>\n<p><a href=\"https:\/\/feuxdepaille.fr\/?attachment_id=853\" rel=\"attachment wp-att-853\"><img loading=\"lazy\" decoding=\"async\" class=\"alignleft size-full wp-image-853\" src=\"https:\/\/feuxdepaille.fr\/wp-content\/uploads\/2014\/07\/P1030075.jpg\" alt=\"P1030075\" width=\"600\" height=\"450\" srcset=\"https:\/\/feuxdepaille.fr\/wp-content\/uploads\/2014\/07\/P1030075.jpg 600w, https:\/\/feuxdepaille.fr\/wp-content\/uploads\/2014\/07\/P1030075-300x225.jpg 300w\" sizes=\"auto, (max-width: 600px) 100vw, 600px\" \/><\/a><\/p>\n<p>merci d&rsquo;\u00eatre arriv\u00e9s jusqu&rsquo;ici!!!<\/p>\n<p>Plusieurs choses montr\u00e9es aujourd&rsquo;hui sont d\u00e9j\u00e0 parties, un grand merci \u00e0 mes coll\u00e8gues\/copines!!<\/p>\n<p>Les vacances arrivent (yes!!), je vous souhaite de belles vacances, en esp\u00e9rant que le soleil arrive enfin&#8230; Prenez soin de vous, et \u00e0 tr\u00e8s bient\u00f4t!<\/p>\n<p>&nbsp;<\/p>\n<p>&nbsp;<\/p>\n","protected":false},"excerpt":{"rendered":"<p>Au risque de vous lasser, je poursuis mes recherches autour de la colorisation de la p\u00e2te et des bulles enchev\u00eatr\u00e9es. Et voici ce qui en est sorti ce dernier mois: et avec les restes: &nbsp; J&rsquo;ai eu un petit cadeau \u00e0 faire derni\u00e8rement, des bulles tr\u00e8s color\u00e9es pour une dame tr\u00e8s dynamique : &nbsp; &nbsp; &hellip; <a href=\"https:\/\/feuxdepaille.fr\/?p=862\" class=\"more-link\">Continuer la lecture de <span class=\"screen-reader-text\">de la suite dans les id\u00e9es&#8230;<\/span>  <span class=\"meta-nav\">&rarr;<\/span><\/a><\/p>\n","protected":false},"author":2,"featured_media":0,"comment_status":"open","ping_status":"open","sticky":false,"template":"","format":"standard","meta":{"footnotes":""},"categories":[1],"tags":[],"class_list":["post-862","post","type-post","status-publish","format-standard","hentry","category-non-classe"],"_links":{"self":[{"href":"https:\/\/feuxdepaille.fr\/index.php?rest_route=\/wp\/v2\/posts\/862","targetHints":{"allow":["GET"]}}],"collection":[{"href":"https:\/\/feuxdepaille.fr\/index.php?rest_route=\/wp\/v2\/posts"}],"about":[{"href":"https:\/\/feuxdepaille.fr\/index.php?rest_route=\/wp\/v2\/types\/post"}],"author":[{"embeddable":true,"href":"https:\/\/feuxdepaille.fr\/index.php?rest_route=\/wp\/v2\/users\/2"}],"replies":[{"embeddable":true,"href":"https:\/\/feuxdepaille.fr\/index.php?rest_route=%2Fwp%2Fv2%2Fcomments&post=862"}],"version-history":[{"count":0,"href":"https:\/\/feuxdepaille.fr\/index.php?rest_route=\/wp\/v2\/posts\/862\/revisions"}],"wp:attachment":[{"href":"https:\/\/feuxdepaille.fr\/index.php?rest_route=%2Fwp%2Fv2%2Fmedia&parent=862"}],"wp:term":[{"taxonomy":"category","embeddable":true,"href":"https:\/\/feuxdepaille.fr\/index.php?rest_route=%2Fwp%2Fv2%2Fcategories&post=862"},{"taxonomy":"post_tag","embeddable":true,"href":"https:\/\/feuxdepaille.fr\/index.php?rest_route=%2Fwp%2Fv2%2Ftags&post=862"}],"curies":[{"name":"wp","href":"https:\/\/api.w.org\/{rel}","templated":true}]}}