{"id":83,"date":"2012-09-13T12:07:26","date_gmt":"2012-09-13T12:07:26","guid":{"rendered":"https:\/\/feuxdepaille.fr\/?p=83"},"modified":"2012-10-26T13:27:48","modified_gmt":"2012-10-26T13:27:48","slug":"avant-que-cela-ne-parte","status":"publish","type":"post","link":"https:\/\/feuxdepaille.fr\/?p=83","title":{"rendered":"Avant que cela ne parte&#8230;"},"content":{"rendered":"<p>&#8230; chez H\u00e9l\u00e8ne dans sa jolie boutique \u00ab\u00a0L\u00e9zard Grafic\u00a0\u00bb \u00e0 Abbeville, voici quelques unes de mes derni\u00e8res pi\u00e8ces.<\/p>\n<p style=\"text-align: center;\">Encore une variations autour du tuto de Bettina Welker, que l&rsquo;on voit beaucoup mais qui est tellement agr\u00e9able \u00e0 travailler et avec laquelle on obtient de belles nuances<\/p>\n<p style=\"text-align: center;\"><a title=\"tuto ici\" href=\"http:\/\/www.beadworx.de\/\" target=\"_blank\">\u00a0tuto ici<\/a><\/p>\n<figure id=\"attachment_84\" aria-describedby=\"caption-attachment-84\" style=\"width: 400px\" class=\"wp-caption aligncenter\"><a href=\"https:\/\/feuxdepaille.fr\/wp-content\/uploads\/2012\/09\/BOBettinaOrange.jpg\"><img loading=\"lazy\" decoding=\"async\" class=\"size-full wp-image-84\" title=\"BOBettinaOrange\" src=\"https:\/\/feuxdepaille.fr\/wp-content\/uploads\/2012\/09\/BOBettinaOrange.jpg\" alt=\"\" width=\"400\" height=\"300\" srcset=\"https:\/\/feuxdepaille.fr\/wp-content\/uploads\/2012\/09\/BOBettinaOrange.jpg 400w, https:\/\/feuxdepaille.fr\/wp-content\/uploads\/2012\/09\/BOBettinaOrange-300x225.jpg 300w\" sizes=\"auto, (max-width: 400px) 100vw, 400px\" \/><\/a><figcaption id=\"caption-attachment-84\" class=\"wp-caption-text\">technique Bettina dans les tons orange, sur une forme lentille pour ces boucles d&rsquo;oreilles<\/figcaption><\/figure>\n<p>&nbsp;<\/p>\n<figure id=\"attachment_94\" aria-describedby=\"caption-attachment-94\" style=\"width: 487px\" class=\"wp-caption aligncenter\"><a href=\"https:\/\/feuxdepaille.fr\/wp-content\/uploads\/2012\/09\/pendentif2etboBettina.jpg\"><img loading=\"lazy\" decoding=\"async\" class=\"size-full wp-image-94\" title=\"pendentif2etboBettina\" src=\"https:\/\/feuxdepaille.fr\/wp-content\/uploads\/2012\/09\/pendentif2etboBettina.jpg\" alt=\"\" width=\"487\" height=\"357\" srcset=\"https:\/\/feuxdepaille.fr\/wp-content\/uploads\/2012\/09\/pendentif2etboBettina.jpg 487w, https:\/\/feuxdepaille.fr\/wp-content\/uploads\/2012\/09\/pendentif2etboBettina-300x219.jpg 300w\" sizes=\"auto, (max-width: 487px) 100vw, 487px\" \/><\/a><figcaption id=\"caption-attachment-94\" class=\"wp-caption-text\">un pendentif et ses boucles tr\u00e8s simple car je trouve que le motif (d\u00e9j\u00e0 vu sur le post pr\u00e9c\u00e9dent) se suffit \u00e0 lui m\u00eame.<\/figcaption><\/figure>\n<p>&nbsp;<\/p>\n<p>puis je me suis de nouveau amus\u00e9e avec une Kal\u00e9idoscope (j&rsquo;adore, j&rsquo;adore!!), en est sortie cette parure clou d&rsquo;oreille et pendentif \u00e0 la mani\u00e8re de Mathilde Colas <a title=\"mathilde colas\" href=\"http:\/\/www.amazon.fr\/Bijoux-p%C3%A2te-polym%C3%A8re-Explorations-cr%C3%A9atives\/dp\/2350322130\/ref=sr_1_1?s=books&amp;ie=UTF8&amp;qid=1347538249&amp;sr=1-1\" target=\"_blank\">dans son livre ici<\/a><\/p>\n<p>&nbsp;<\/p>\n<figure id=\"attachment_87\" aria-describedby=\"caption-attachment-87\" style=\"width: 600px\" class=\"wp-caption aligncenter\"><a href=\"https:\/\/feuxdepaille.fr\/wp-content\/uploads\/2012\/09\/BOcloupendentifkaleidobombe.jpg\"><img loading=\"lazy\" decoding=\"async\" class=\"size-full wp-image-87\" title=\"BOcloupendentifkaleidobombe\" src=\"https:\/\/feuxdepaille.fr\/wp-content\/uploads\/2012\/09\/BOcloupendentifkaleidobombe.jpg\" alt=\"\" width=\"600\" height=\"450\" srcset=\"https:\/\/feuxdepaille.fr\/wp-content\/uploads\/2012\/09\/BOcloupendentifkaleidobombe.jpg 600w, https:\/\/feuxdepaille.fr\/wp-content\/uploads\/2012\/09\/BOcloupendentifkaleidobombe-300x225.jpg 300w\" sizes=\"auto, (max-width: 600px) 100vw, 600px\" \/><\/a><figcaption id=\"caption-attachment-87\" class=\"wp-caption-text\">une parure kal\u00e9idoscopique<\/figcaption><\/figure>\n<p>Et puis aussi des assemblages. J&rsquo;essaye d&rsquo;associer mes canes, et je trouve que \u00e7a marche plut\u00f4t bien.<\/p>\n<figure id=\"attachment_92\" aria-describedby=\"caption-attachment-92\" style=\"width: 400px\" class=\"wp-caption aligncenter\"><a href=\"https:\/\/feuxdepaille.fr\/wp-content\/uploads\/2012\/09\/BOpatchwork.jpg\"><img loading=\"lazy\" decoding=\"async\" class=\"size-full wp-image-92\" title=\"BOpatchwork\" src=\"https:\/\/feuxdepaille.fr\/wp-content\/uploads\/2012\/09\/BOpatchwork.jpg\" alt=\"\" width=\"400\" height=\"300\" srcset=\"https:\/\/feuxdepaille.fr\/wp-content\/uploads\/2012\/09\/BOpatchwork.jpg 400w, https:\/\/feuxdepaille.fr\/wp-content\/uploads\/2012\/09\/BOpatchwork-300x225.jpg 300w\" sizes=\"auto, (max-width: 400px) 100vw, 400px\" \/><\/a><figcaption id=\"caption-attachment-92\" class=\"wp-caption-text\">assemblage de plusieurs motifs&#8230;<\/figcaption><\/figure>\n<p>&nbsp;<\/p>\n<figure id=\"attachment_93\" aria-describedby=\"caption-attachment-93\" style=\"width: 538px\" class=\"wp-caption aligncenter\"><a href=\"https:\/\/feuxdepaille.fr\/wp-content\/uploads\/2012\/09\/grossesBOrestesorange.jpg\"><img loading=\"lazy\" decoding=\"async\" class=\"size-full wp-image-93\" title=\"grossesBOrestesorange\" src=\"https:\/\/feuxdepaille.fr\/wp-content\/uploads\/2012\/09\/grossesBOrestesorange.jpg\" alt=\"\" width=\"538\" height=\"389\" srcset=\"https:\/\/feuxdepaille.fr\/wp-content\/uploads\/2012\/09\/grossesBOrestesorange.jpg 538w, https:\/\/feuxdepaille.fr\/wp-content\/uploads\/2012\/09\/grossesBOrestesorange-300x216.jpg 300w\" sizes=\"auto, (max-width: 538px) 100vw, 538px\" \/><\/a><figcaption id=\"caption-attachment-93\" class=\"wp-caption-text\">patchwork de fins de canes<\/figcaption><\/figure>\n<p>Voil\u00e0 pour aujourd&rsquo;hui&#8230;<\/p>\n<p>Bonne journ\u00e9e et n&rsquo;h\u00e9sitez pas \u00e0 laisser un commentaire!!<\/p>\n","protected":false},"excerpt":{"rendered":"<p>&#8230; chez H\u00e9l\u00e8ne dans sa jolie boutique \u00ab\u00a0L\u00e9zard Grafic\u00a0\u00bb \u00e0 Abbeville, voici quelques unes de mes derni\u00e8res pi\u00e8ces. Encore une variations autour du tuto de Bettina Welker, que l&rsquo;on voit beaucoup mais qui est tellement agr\u00e9able \u00e0 travailler et avec laquelle on obtient de belles nuances \u00a0tuto ici &nbsp; &nbsp; puis je me suis de &hellip; <a href=\"https:\/\/feuxdepaille.fr\/?p=83\" class=\"more-link\">Continuer la lecture de <span class=\"screen-reader-text\">Avant que cela ne parte&#8230;<\/span>  <span class=\"meta-nav\">&rarr;<\/span><\/a><\/p>\n","protected":false},"author":2,"featured_media":0,"comment_status":"open","ping_status":"open","sticky":false,"template":"","format":"standard","meta":{"footnotes":""},"categories":[6,3,1],"tags":[],"class_list":["post-83","post","type-post","status-publish","format-standard","hentry","category-boucles-doreilles","category-colliers","category-non-classe"],"_links":{"self":[{"href":"https:\/\/feuxdepaille.fr\/index.php?rest_route=\/wp\/v2\/posts\/83","targetHints":{"allow":["GET"]}}],"collection":[{"href":"https:\/\/feuxdepaille.fr\/index.php?rest_route=\/wp\/v2\/posts"}],"about":[{"href":"https:\/\/feuxdepaille.fr\/index.php?rest_route=\/wp\/v2\/types\/post"}],"author":[{"embeddable":true,"href":"https:\/\/feuxdepaille.fr\/index.php?rest_route=\/wp\/v2\/users\/2"}],"replies":[{"embeddable":true,"href":"https:\/\/feuxdepaille.fr\/index.php?rest_route=%2Fwp%2Fv2%2Fcomments&post=83"}],"version-history":[{"count":0,"href":"https:\/\/feuxdepaille.fr\/index.php?rest_route=\/wp\/v2\/posts\/83\/revisions"}],"wp:attachment":[{"href":"https:\/\/feuxdepaille.fr\/index.php?rest_route=%2Fwp%2Fv2%2Fmedia&parent=83"}],"wp:term":[{"taxonomy":"category","embeddable":true,"href":"https:\/\/feuxdepaille.fr\/index.php?rest_route=%2Fwp%2Fv2%2Fcategories&post=83"},{"taxonomy":"post_tag","embeddable":true,"href":"https:\/\/feuxdepaille.fr\/index.php?rest_route=%2Fwp%2Fv2%2Ftags&post=83"}],"curies":[{"name":"wp","href":"https:\/\/api.w.org\/{rel}","templated":true}]}}