{"id":702,"date":"2014-03-04T08:12:25","date_gmt":"2014-03-04T07:12:25","guid":{"rendered":"https:\/\/feuxdepaille.fr\/?p=702"},"modified":"2014-03-04T08:12:25","modified_gmt":"2014-03-04T07:12:25","slug":"challenge-de-fevrier-sur-creationfimo","status":"publish","type":"post","link":"https:\/\/feuxdepaille.fr\/?p=702","title":{"rendered":"challenge de f\u00e9vrier sur Cr\u00e9ationfimo"},"content":{"rendered":"<p>Bonjour \u00e0 vous qui passez par l\u00e0 et bienvenue aux nouveaux arrivants.<\/p>\n<p>Ce mois-ci, sur le groupe Cr\u00e9ationfimo, Tewee nous \u00e0 lanc\u00e9 comme challenge de travailler avec le gris (toutes les nuances \u00e0 partir du moment o\u00f9 il ne s&rsquo;agit que d&rsquo;un m\u00e9lange de noir et de blanc, pas de paillettes, de gris tout fait, de translucide, de patine, etc) ave une seule et unique couleur pour r\u00e9veiller tout \u00e7a.<\/p>\n<p>Voici le collier que j&rsquo;ai fait de mes p&rsquo;tites mains:<\/p>\n<p><img decoding=\"async\" class=\"ngg-singlepic ngg-none\" alt=\"challengegris2\" src=\"https:\/\/feuxdepaille.fr\/wp-content\/gallery\/collier\/challengegris2.jpg\" \/><\/p>\n<p>Vous voyez une plaque noire \u00e0 cot\u00e9, juste pour montrer que sur mon collier, c&rsquo;est du gris fon\u00e7\u00e9.<\/p>\n<p>Un m\u00e9lange de motifs comme j&rsquo;aime les faire, des perles un peu nouvelles pour moi et un montage qui ressemble \u00e0 un autre que j&rsquo;ai fait pr\u00e9c\u00e9demment, avec l&rsquo;ouverture sur le cot\u00e9.<\/p>\n<p>Allez faire un tour sur <a href=\"http:\/\/paroledepate.canalblog.com\/\" target=\"_blank\">paroledepate<\/a>\u00a0 voir ce que les autres participantes ont fait comme merveilles et \u00e0 tr\u00e8s bient\u00f4t!<\/p>\n<p>&nbsp;<\/p>\n","protected":false},"excerpt":{"rendered":"<p>Bonjour \u00e0 vous qui passez par l\u00e0 et bienvenue aux nouveaux arrivants. Ce mois-ci, sur le groupe Cr\u00e9ationfimo, Tewee nous \u00e0 lanc\u00e9 comme challenge de travailler avec le gris (toutes les nuances \u00e0 partir du moment o\u00f9 il ne s&rsquo;agit que d&rsquo;un m\u00e9lange de noir et de blanc, pas de paillettes, de gris tout fait, &hellip; <a href=\"https:\/\/feuxdepaille.fr\/?p=702\" class=\"more-link\">Continuer la lecture de <span class=\"screen-reader-text\">challenge de f\u00e9vrier sur Cr\u00e9ationfimo<\/span>  <span class=\"meta-nav\">&rarr;<\/span><\/a><\/p>\n","protected":false},"author":2,"featured_media":0,"comment_status":"open","ping_status":"open","sticky":false,"template":"","format":"standard","meta":{"footnotes":""},"categories":[3,1],"tags":[],"class_list":["post-702","post","type-post","status-publish","format-standard","hentry","category-colliers","category-non-classe"],"_links":{"self":[{"href":"https:\/\/feuxdepaille.fr\/index.php?rest_route=\/wp\/v2\/posts\/702","targetHints":{"allow":["GET"]}}],"collection":[{"href":"https:\/\/feuxdepaille.fr\/index.php?rest_route=\/wp\/v2\/posts"}],"about":[{"href":"https:\/\/feuxdepaille.fr\/index.php?rest_route=\/wp\/v2\/types\/post"}],"author":[{"embeddable":true,"href":"https:\/\/feuxdepaille.fr\/index.php?rest_route=\/wp\/v2\/users\/2"}],"replies":[{"embeddable":true,"href":"https:\/\/feuxdepaille.fr\/index.php?rest_route=%2Fwp%2Fv2%2Fcomments&post=702"}],"version-history":[{"count":0,"href":"https:\/\/feuxdepaille.fr\/index.php?rest_route=\/wp\/v2\/posts\/702\/revisions"}],"wp:attachment":[{"href":"https:\/\/feuxdepaille.fr\/index.php?rest_route=%2Fwp%2Fv2%2Fmedia&parent=702"}],"wp:term":[{"taxonomy":"category","embeddable":true,"href":"https:\/\/feuxdepaille.fr\/index.php?rest_route=%2Fwp%2Fv2%2Fcategories&post=702"},{"taxonomy":"post_tag","embeddable":true,"href":"https:\/\/feuxdepaille.fr\/index.php?rest_route=%2Fwp%2Fv2%2Ftags&post=702"}],"curies":[{"name":"wp","href":"https:\/\/api.w.org\/{rel}","templated":true}]}}