{"id":647,"date":"2013-12-03T07:00:20","date_gmt":"2013-12-03T06:00:20","guid":{"rendered":"https:\/\/feuxdepaille.fr\/?p=647"},"modified":"2013-12-02T21:58:17","modified_gmt":"2013-12-02T20:58:17","slug":"nouveau-challenge-et-swap","status":"publish","type":"post","link":"https:\/\/feuxdepaille.fr\/?p=647","title":{"rendered":"Nouveau challenge et swap"},"content":{"rendered":"<p>Ce mois ci, sur le groupe Cr\u00e9ationFimo, Tewee nous a fait travailler sur les couleurs bleues et vertes. Pas facile de n&rsquo;utiliser que ces deux couleurs.<\/p>\n<p>Voici ma participation: un collier en forme de donut creux, aux teintes douces, presques pastelles.<!--more--><\/p>\n<figure id=\"attachment_648\" aria-describedby=\"caption-attachment-648\" style=\"width: 600px\" class=\"wp-caption alignleft\"><a href=\"https:\/\/feuxdepaille.fr\/?attachment_id=648\" rel=\"attachment wp-att-648\"><img loading=\"lazy\" decoding=\"async\" class=\"size-full wp-image-648\" alt=\"une cane Kal\u00e9idoscope de mon cru et l'utilisation des restes \u00e0 la Polymeramoi\" src=\"https:\/\/feuxdepaille.fr\/wp-content\/uploads\/2013\/12\/challenge-bleu-vert.jpg\" width=\"600\" height=\"451\" srcset=\"https:\/\/feuxdepaille.fr\/wp-content\/uploads\/2013\/12\/challenge-bleu-vert.jpg 600w, https:\/\/feuxdepaille.fr\/wp-content\/uploads\/2013\/12\/challenge-bleu-vert-300x225.jpg 300w\" sizes=\"auto, (max-width: 600px) 100vw, 600px\" \/><\/a><figcaption id=\"caption-attachment-648\" class=\"wp-caption-text\">une cane Kal\u00e9idoscope de mon cru et l&rsquo;utilisation des restes \u00e0 la <a title=\"polymeramoi\" href=\"http:\/\/tmariefrance.canalblog.com\/\" target=\"_blank\">Polymeramoi<\/a><\/figcaption><\/figure>\n<p>&nbsp;<\/p>\n<p>&nbsp;<\/p>\n<p>Allez voir les cr\u00e9ations des autres participantes sur <a href=\"http:\/\/paroledepate.canalblog.com\/\" target=\"_blank\">paroledepate<\/a><\/p>\n<p>Et puis toujours dans ce groupe, j&rsquo;ai particip\u00e9 \u00e0 un swap&#8230; k\u00e9s\u00e9c&rsquo;sa??<\/p>\n<p>Un swap, c&rsquo;est un \u00e9change. Nous \u00e9tions 12 inscrites, chacune devait faire un bijoux pour une autre.<\/p>\n<p>Voil\u00e0 ce que j&rsquo;ai re\u00e7u de <a href=\"http:\/\/fimosylv.canalblog.com\/\">Sylvie <\/a>\u00a0\u00a0 (cliquez pour faire un tour sur son blog)<\/p>\n<p><a href=\"https:\/\/feuxdepaille.fr\/?attachment_id=649\" rel=\"attachment wp-att-649\"><img loading=\"lazy\" decoding=\"async\" class=\"alignleft size-full wp-image-649\" alt=\"swap2013sylvie\" src=\"https:\/\/feuxdepaille.fr\/wp-content\/uploads\/2013\/12\/swap2013sylvie.jpg\" width=\"300\" height=\"399\" srcset=\"https:\/\/feuxdepaille.fr\/wp-content\/uploads\/2013\/12\/swap2013sylvie.jpg 300w, https:\/\/feuxdepaille.fr\/wp-content\/uploads\/2013\/12\/swap2013sylvie-225x300.jpg 225w\" sizes=\"auto, (max-width: 300px) 100vw, 300px\" \/><\/a><a href=\"https:\/\/feuxdepaille.fr\/?attachment_id=650\" rel=\"attachment wp-att-650\"><img loading=\"lazy\" decoding=\"async\" class=\"alignright size-full wp-image-650\" alt=\"swap2013sylvie\" src=\"https:\/\/feuxdepaille.fr\/wp-content\/uploads\/2013\/12\/swap2013sylvie1.jpg\" width=\"300\" height=\"399\" srcset=\"https:\/\/feuxdepaille.fr\/wp-content\/uploads\/2013\/12\/swap2013sylvie1.jpg 300w, https:\/\/feuxdepaille.fr\/wp-content\/uploads\/2013\/12\/swap2013sylvie1-225x300.jpg 225w\" sizes=\"auto, (max-width: 300px) 100vw, 300px\" \/><\/a><\/p>\n<p>&nbsp;<\/p>\n<p>&nbsp;<\/p>\n<p>&nbsp;<\/p>\n<p>&nbsp;<\/p>\n<p>&nbsp;<\/p>\n<p>&nbsp;<\/p>\n<p>&nbsp;<\/p>\n<p>&nbsp;<\/p>\n<p>&nbsp;<\/p>\n<p>&nbsp;<\/p>\n<p>&nbsp;<\/p>\n<p>&nbsp;<\/p>\n<p>&nbsp;<\/p>\n<p>&nbsp;<\/p>\n<p>&nbsp;<\/p>\n<p>&nbsp;<\/p>\n<p>&nbsp;<\/p>\n<p>Merci encore beaucoup Sylvie!!<\/p>\n<p>Et moi, j&rsquo; ai eu la joie de \u00ab\u00a0travailler\u00a0\u00bb pour <a href=\"http:\/\/agileargile.canalblog.com\/\">Calneige<\/a>\u00a0 qui me suit r\u00e9guli\u00e8rement, avec qui je correspond fr\u00e9quemment et dont j&rsquo;aime beaucoup les cr\u00e9ations. Voici la pi\u00e8ce principale de mon petit paquet:<\/p>\n<figure id=\"attachment_651\" aria-describedby=\"caption-attachment-651\" style=\"width: 500px\" class=\"wp-caption aligncenter\"><a href=\"https:\/\/feuxdepaille.fr\/?attachment_id=651\" rel=\"attachment wp-att-651\"><img loading=\"lazy\" decoding=\"async\" class=\"size-full wp-image-651\" alt=\"un peu de tout dans ce collier\" src=\"https:\/\/feuxdepaille.fr\/wp-content\/uploads\/2013\/12\/swap2013pourcalneige.jpg\" width=\"500\" height=\"390\" srcset=\"https:\/\/feuxdepaille.fr\/wp-content\/uploads\/2013\/12\/swap2013pourcalneige.jpg 500w, https:\/\/feuxdepaille.fr\/wp-content\/uploads\/2013\/12\/swap2013pourcalneige-300x234.jpg 300w\" sizes=\"auto, (max-width: 500px) 100vw, 500px\" \/><\/a><figcaption id=\"caption-attachment-651\" class=\"wp-caption-text\">un peu de tout dans ce collier<\/figcaption><\/figure>\n<p>Une perle empreinte, un donut creux, une canne fa\u00e7on C\u00e9cilia Botton \u00e0 ma sauce, un montage largement inspir\u00e9 de <a href=\"http:\/\/okobi.canalblog.com\/\" target=\"_blank\">okobi<\/a> &#8230;<\/p>\n<p>Je crois que \u00e7a lui a plu&#8230; en tout cas, je me suis \u00e9clat\u00e9e \u00e0 le lui composer!<\/p>\n<p>Belle journ\u00e9e \u00e0 vous qui passez par ici!<\/p>\n<p>&nbsp;<\/p>\n","protected":false},"excerpt":{"rendered":"<p>Ce mois ci, sur le groupe Cr\u00e9ationFimo, Tewee nous a fait travailler sur les couleurs bleues et vertes. Pas facile de n&rsquo;utiliser que ces deux couleurs. Voici ma participation: un collier en forme de donut creux, aux teintes douces, presques pastelles.<\/p>\n","protected":false},"author":2,"featured_media":0,"comment_status":"open","ping_status":"open","sticky":false,"template":"","format":"standard","meta":{"footnotes":""},"categories":[3],"tags":[],"class_list":["post-647","post","type-post","status-publish","format-standard","hentry","category-colliers"],"_links":{"self":[{"href":"https:\/\/feuxdepaille.fr\/index.php?rest_route=\/wp\/v2\/posts\/647","targetHints":{"allow":["GET"]}}],"collection":[{"href":"https:\/\/feuxdepaille.fr\/index.php?rest_route=\/wp\/v2\/posts"}],"about":[{"href":"https:\/\/feuxdepaille.fr\/index.php?rest_route=\/wp\/v2\/types\/post"}],"author":[{"embeddable":true,"href":"https:\/\/feuxdepaille.fr\/index.php?rest_route=\/wp\/v2\/users\/2"}],"replies":[{"embeddable":true,"href":"https:\/\/feuxdepaille.fr\/index.php?rest_route=%2Fwp%2Fv2%2Fcomments&post=647"}],"version-history":[{"count":0,"href":"https:\/\/feuxdepaille.fr\/index.php?rest_route=\/wp\/v2\/posts\/647\/revisions"}],"wp:attachment":[{"href":"https:\/\/feuxdepaille.fr\/index.php?rest_route=%2Fwp%2Fv2%2Fmedia&parent=647"}],"wp:term":[{"taxonomy":"category","embeddable":true,"href":"https:\/\/feuxdepaille.fr\/index.php?rest_route=%2Fwp%2Fv2%2Fcategories&post=647"},{"taxonomy":"post_tag","embeddable":true,"href":"https:\/\/feuxdepaille.fr\/index.php?rest_route=%2Fwp%2Fv2%2Ftags&post=647"}],"curies":[{"name":"wp","href":"https:\/\/api.w.org\/{rel}","templated":true}]}}