{"id":555,"date":"2013-09-17T22:50:19","date_gmt":"2013-09-17T20:50:19","guid":{"rendered":"https:\/\/feuxdepaille.fr\/?p=555"},"modified":"2013-09-17T22:50:19","modified_gmt":"2013-09-17T20:50:19","slug":"me-revoila-2","status":"publish","type":"post","link":"https:\/\/feuxdepaille.fr\/?p=555","title":{"rendered":"me revoil\u00e0!"},"content":{"rendered":"<p>Je pense qu&rsquo;\u00e0 pr\u00e9sent je me ferais plus r\u00e9guli\u00e8re par ici.<\/p>\n<p>Je vous montre aujourd&rsquo;hui un collier donut, selon la technique de l&rsquo;air emprisonn\u00e9, <a href=\"http:\/\/www.pinterest.com\/pin\/565061084467659950\/\" target=\"_blank\">clic- clic.<\/a><\/p>\n<p>Avec deux cannes que j&rsquo;aime particuli\u00e8rement. L&rsquo;une est issue du livre de Donna Kato, la seconde, le kal\u00e9idoscope, sort de ma petite t\u00eate, sans tuto.<\/p>\n<p>La photo n&rsquo;est pas terrible (faut dire aussi que je l&rsquo;ai prise le soir dans ma salle de bain &#8230;), mais pour une fois je suis bien fi\u00e8re du r\u00e9sultat.<\/p>\n<figure id=\"attachment_556\" aria-describedby=\"caption-attachment-556\" style=\"width: 700px\" class=\"wp-caption aligncenter\"><a href=\"https:\/\/feuxdepaille.fr\/?attachment_id=556\" rel=\"attachment wp-att-556\"><img loading=\"lazy\" decoding=\"async\" class=\"size-full wp-image-556\" alt=\"collier donuts\" src=\"https:\/\/feuxdepaille.fr\/wp-content\/uploads\/2013\/09\/P1020080.jpg\" width=\"700\" height=\"525\" srcset=\"https:\/\/feuxdepaille.fr\/wp-content\/uploads\/2013\/09\/P1020080.jpg 700w, https:\/\/feuxdepaille.fr\/wp-content\/uploads\/2013\/09\/P1020080-300x225.jpg 300w\" sizes=\"auto, (max-width: 700px) 100vw, 700px\" \/><\/a><figcaption id=\"caption-attachment-556\" class=\"wp-caption-text\">collier donuts<\/figcaption><\/figure>\n<figure id=\"attachment_557\" aria-describedby=\"caption-attachment-557\" style=\"width: 600px\" class=\"wp-caption aligncenter\"><a href=\"https:\/\/feuxdepaille.fr\/?attachment_id=557\" rel=\"attachment wp-att-557\"><img loading=\"lazy\" decoding=\"async\" class=\"size-full wp-image-557\" alt=\"autre vue\" src=\"https:\/\/feuxdepaille.fr\/wp-content\/uploads\/2013\/09\/P1020079.jpg\" width=\"600\" height=\"407\" srcset=\"https:\/\/feuxdepaille.fr\/wp-content\/uploads\/2013\/09\/P1020079.jpg 600w, https:\/\/feuxdepaille.fr\/wp-content\/uploads\/2013\/09\/P1020079-300x203.jpg 300w\" sizes=\"auto, (max-width: 600px) 100vw, 600px\" \/><\/a><figcaption id=\"caption-attachment-557\" class=\"wp-caption-text\">autre vue<\/figcaption><\/figure>\n<p>&nbsp;<\/p>\n<p>Bon, alors \u00e9videmment, vu de si pr\u00e8s, on voit bien les d\u00e9fauts de pon\u00e7age&#8230;<\/p>\n<p>Ce qui m&rsquo;am\u00e8ne a vous parler de mon nouveau bidouillage de l&rsquo;\u00e9t\u00e9 avec ma grande s\u0153ur. La question du polissage est ardue, et pour moi, incontournable. Oui, mais jusque l\u00e0, je n&rsquo;avais pas l&rsquo;\u00e9quipement appropri\u00e9. Apr\u00e8s de multiples essais (jean, feutre&#8230;), j&rsquo;avais install\u00e9 sur ma perceuse, un plateau avec une peau de mouton (attention, reportage en live)<\/p>\n<p><a href=\"https:\/\/feuxdepaille.fr\/?attachment_id=562\" rel=\"attachment wp-att-562\"><img loading=\"lazy\" decoding=\"async\" class=\"aligncenter size-medium wp-image-562\" alt=\"P1020081\" src=\"https:\/\/feuxdepaille.fr\/wp-content\/uploads\/2013\/09\/P1020081-300x225.jpg\" width=\"300\" height=\"225\" srcset=\"https:\/\/feuxdepaille.fr\/wp-content\/uploads\/2013\/09\/P1020081-300x225.jpg 300w, https:\/\/feuxdepaille.fr\/wp-content\/uploads\/2013\/09\/P1020081.jpg 500w\" sizes=\"auto, (max-width: 300px) 100vw, 300px\" \/><\/a>\u00a0\u00a0\u00a0 pas tr\u00e8s maniable, fatigant et peu pratique pour les petites pi\u00e8ces, l&rsquo;int\u00e9rieur de mes bracelets&#8230; mais super efficace. Enfin, le r\u00e9sultat qui me convient.<\/p>\n<p>Je sais qu&rsquo;il existe des petits outils, chez des marchands du net mais, je voulais r\u00e9ussir \u00e0 me faire la m\u00eame chose, mais en petit, pour ma mini-perceuse. C&rsquo;est l\u00e0 qu&rsquo;intervient ma <a href=\"http:\/\/www.atelier-idiartia.net\/\" target=\"_blank\">soeur<\/a> (clic pour aller faire un tour chez elle), \u00e0 nos deux t\u00eates, nous avons r\u00e9ussi.<\/p>\n<p>Avec, fa\u00e7on MacGyver, un bouchon de brique de lait en plastique, un bout de peau de mouton (cherchez bien, je suis s\u00fbre que vous en avez un bout&#8230;. merci ma s\u0153ur d&rsquo;avoir sacrifi\u00e9 une p\u00e2te de ta peau de mouton!), de la colle patex, le petit outil \u00e0 vis de la mini perceuse, et zou!!!!<\/p>\n<figure id=\"attachment_560\" aria-describedby=\"caption-attachment-560\" style=\"width: 150px\" class=\"wp-caption alignleft\"><a href=\"https:\/\/feuxdepaille.fr\/?attachment_id=560\" rel=\"attachment wp-att-560\"><img loading=\"lazy\" decoding=\"async\" class=\"size-thumbnail wp-image-560\" alt=\"p\u00e2te de peau de mouton\" src=\"https:\/\/feuxdepaille.fr\/wp-content\/uploads\/2013\/09\/P1020083-150x150.jpg\" width=\"150\" height=\"150\" \/><\/a><figcaption id=\"caption-attachment-560\" class=\"wp-caption-text\">p\u00e2te de peau de mouton<\/figcaption><\/figure>\n<p>&nbsp;<\/p>\n<figure id=\"attachment_558\" aria-describedby=\"caption-attachment-558\" style=\"width: 150px\" class=\"wp-caption alignright\"><a href=\"https:\/\/feuxdepaille.fr\/?attachment_id=558\" rel=\"attachment wp-att-558\"><img loading=\"lazy\" decoding=\"async\" class=\"size-thumbnail wp-image-558\" alt=\"le petit outil et le tout coll\u00e9\" src=\"https:\/\/feuxdepaille.fr\/wp-content\/uploads\/2013\/09\/P1020085-150x150.jpg\" width=\"150\" height=\"150\" \/><\/a><figcaption id=\"caption-attachment-558\" class=\"wp-caption-text\">le petit outil et le tout coll\u00e9<\/figcaption><\/figure>\n<p>&nbsp;<\/p>\n<p>&nbsp;<\/p>\n<p>&nbsp;<\/p>\n<p>&nbsp;<\/p>\n<figure id=\"attachment_561\" aria-describedby=\"caption-attachment-561\" style=\"width: 150px\" class=\"wp-caption alignright\"><a href=\"https:\/\/feuxdepaille.fr\/?attachment_id=561\" rel=\"attachment wp-att-561\"><img loading=\"lazy\" decoding=\"async\" class=\"size-thumbnail wp-image-561\" alt=\"apr\u00e8s une petite taille de la laine, voici mon super outil de lustrage\" src=\"https:\/\/feuxdepaille.fr\/wp-content\/uploads\/2013\/09\/P1020082-150x150.jpg\" width=\"150\" height=\"150\" \/><\/a><figcaption id=\"caption-attachment-561\" class=\"wp-caption-text\">apr\u00e8s une petite taille de la laine, voici mon super outil de lustrage<\/figcaption><\/figure>\n<p>&nbsp;<\/p>\n<p>&nbsp;<\/p>\n<p>&nbsp;<\/p>\n<p>&nbsp;<\/p>\n<p>&nbsp;<\/p>\n<p>Et \u00e7a marche du tonnerre!<\/p>\n<p>Je me permet de vous rappeler aussi que j&rsquo;ai un petit fr\u00e8re qui fait de la photo, qui part en cong\u00e9 solidaire le mois prochain au B\u00e9nin, et qui a besoin d&rsquo;un petit coup de pouce financier, moyennant photo, pour mener sa mission a bien!<\/p>\n<p>Pour plus de renseignements sur son voyage c&rsquo;est <a href=\"http:\/\/roadtobenin.titiphoto.net\/\">ici<\/a><\/p>\n<p>Allez faire un tour dans son univers, la photo de concert, c&rsquo;est par\u00a0<a href=\"http:\/\/www.titiphoto.net\/\" target=\"_blank\"> ici<\/a><\/p>\n<p>Belle soir\u00e9e!<\/p>\n<p>&nbsp;<\/p>\n<p>&nbsp;<\/p>\n<p>&nbsp;<\/p>\n<p>&nbsp;<\/p>\n<p>&nbsp;<\/p>\n<p>&nbsp;<\/p>\n","protected":false},"excerpt":{"rendered":"<p>Je pense qu&rsquo;\u00e0 pr\u00e9sent je me ferais plus r\u00e9guli\u00e8re par ici. Je vous montre aujourd&rsquo;hui un collier donut, selon la technique de l&rsquo;air emprisonn\u00e9, clic- clic. Avec deux cannes que j&rsquo;aime particuli\u00e8rement. L&rsquo;une est issue du livre de Donna Kato, la seconde, le kal\u00e9idoscope, sort de ma petite t\u00eate, sans tuto. La photo n&rsquo;est pas &hellip; <a href=\"https:\/\/feuxdepaille.fr\/?p=555\" class=\"more-link\">Continuer la lecture de <span class=\"screen-reader-text\">me revoil\u00e0!<\/span>  <span class=\"meta-nav\">&rarr;<\/span><\/a><\/p>\n","protected":false},"author":2,"featured_media":0,"comment_status":"open","ping_status":"open","sticky":false,"template":"","format":"standard","meta":{"footnotes":""},"categories":[1],"tags":[],"class_list":["post-555","post","type-post","status-publish","format-standard","hentry","category-non-classe"],"_links":{"self":[{"href":"https:\/\/feuxdepaille.fr\/index.php?rest_route=\/wp\/v2\/posts\/555","targetHints":{"allow":["GET"]}}],"collection":[{"href":"https:\/\/feuxdepaille.fr\/index.php?rest_route=\/wp\/v2\/posts"}],"about":[{"href":"https:\/\/feuxdepaille.fr\/index.php?rest_route=\/wp\/v2\/types\/post"}],"author":[{"embeddable":true,"href":"https:\/\/feuxdepaille.fr\/index.php?rest_route=\/wp\/v2\/users\/2"}],"replies":[{"embeddable":true,"href":"https:\/\/feuxdepaille.fr\/index.php?rest_route=%2Fwp%2Fv2%2Fcomments&post=555"}],"version-history":[{"count":0,"href":"https:\/\/feuxdepaille.fr\/index.php?rest_route=\/wp\/v2\/posts\/555\/revisions"}],"wp:attachment":[{"href":"https:\/\/feuxdepaille.fr\/index.php?rest_route=%2Fwp%2Fv2%2Fmedia&parent=555"}],"wp:term":[{"taxonomy":"category","embeddable":true,"href":"https:\/\/feuxdepaille.fr\/index.php?rest_route=%2Fwp%2Fv2%2Fcategories&post=555"},{"taxonomy":"post_tag","embeddable":true,"href":"https:\/\/feuxdepaille.fr\/index.php?rest_route=%2Fwp%2Fv2%2Ftags&post=555"}],"curies":[{"name":"wp","href":"https:\/\/api.w.org\/{rel}","templated":true}]}}